{"id":779,"date":"2024-01-15T11:21:31","date_gmt":"2024-01-15T10:21:31","guid":{"rendered":"https:\/\/survivant-e-s.lu\/?p=779"},"modified":"2024-01-15T11:29:03","modified_gmt":"2024-01-15T10:29:03","slug":"ensemble-en-2024","status":"publish","type":"post","link":"https:\/\/survivant-e-s.lu\/lb\/2024\/01\/15\/ensemble-en-2024\/","title":{"rendered":"Ensemble en 2024 !"},"content":{"rendered":"<p class=\"qtranxs-available-languages-message qtranxs-available-languages-message-lb\"> <\/p><p><\/p>\n<table style=\"font-weight: 400;\" width=\"100%\">\n<tbody>\n<tr>\n<td width=\"100%\">Chers membres, membres donateurs, b\u00e9n\u00e9voles et soutiens<em> (l<span class=\"HwtZe\" lang=\"lb\"><span class=\"jCAhz ChMk0b\"><span class=\"ryNqvb\">\u00ebtzebuergesch Versioun \u00ebnnert)<\/span><\/span><\/span><\/em>,<\/p>\n<p>Le comit\u00e9 de l\u2019association \u00abLa Voix Des Survivant(e)s\u00bb tient \u00e0 vous dire un grand merci pour votre soutien tout au long de cette ann\u00e9e 2023.<\/p>\n<p>Nous avons \u00e9t\u00e9 tr\u00e8s actifs avec des tables rondes, des campagnes de pr\u00e9vention dans diff\u00e9rents lyc\u00e9es, notre Relai Orange, diverses interventions dans la presse et r\u00e9cemment avec notre campagne I\u2019M POSSIBLE. Vous pouvez suivre toutes nos actions sur notre site internet\u00a0<a href=\"https:\/\/survivant-e-s.lu\/fr\/\">www.survivant-e-s.lu<\/a><\/p>\n<p>Nous avons pr\u00e9vu beaucoup de projets pour la nouvelle ann\u00e9e et nous esp\u00e9rons pouvoir compter sur votre soutien aussi en 2024. Ensemble nous pouvons briser le silence et r\u00e9ussir enfin \u00e0 changer certaines lois.<\/p>\n<p>Nous vous souhaitons une tr\u00e8s bonne ann\u00e9e 2024 !<\/p>\n<p>&#8212;&#8212;&#8212;<\/p>\n<table style=\"font-weight: 400;\" width=\"100%\">\n<tbody>\n<tr>\n<td width=\"100%\">L\u00e9iw Memberen, Membres donateurs, Benevolen an Ennerst\u00ebtzer<\/p>\n<p>De Comit\u00e9 vun der Associatioun \u00abLa Voix Des Survivant(e)s\u00bb seet Iech h\u00e4erzlech merci fir \u00c4r Ennerst\u00ebtzung an d\u00ebsem Joer 2023.<\/p>\n<p>Mir ware ganz aktiv mat tables rondes, Pr\u00e4ventiounscampagnen a verschiddene Lyc\u00e9e\u00ebn, eisem Relai orange, verschiddenen Interventiounen an der Presse a viru kuerzem mat eiser Campagne I&#8217;M POSSIBLE. All eis Aktioune k\u00ebnnt Dir op eiser Internet S\u00e4it\u00a0<a href=\"https:\/\/survivant-e-s.lu\/lb\/\">www.survivantes-e-s.lu\u00a0<\/a>verfollegen.<\/p>\n<p>Mir hu vill Projete fir dat neit Joer virgesin a mir hoffen, dass mir och 2024 op \u00c4r Ennerst\u00ebtzung ziele k\u00ebnnen. Zesumme k\u00ebnne mir d\u2018Schweige briechen an et f\u00e4erdeg br\u00e9ngen endlech verschidde Gesetzer ze \u00e4nneren.<\/p>\n<p>Mir w\u00ebnschen Iech e ganz sch\u00e9int neit Joer 2024 !<\/td>\n<\/tr>\n<\/tbody>\n<\/table>\n<\/td>\n<\/tr>\n<\/tbody>\n<\/table>\n<p><\/p>","protected":false},"excerpt":{"rendered":"<p>Chers membres, membres donateurs, b\u00e9n\u00e9voles et soutiens (l\u00ebtzebuergesch Versioun \u00ebnnert), Le comit\u00e9 de l\u2019association \u00abLa Voix Des Survivant(e)s\u00bb tient \u00e0 vous dire un grand merci pour votre soutien tout au long de cette ann\u00e9e 2023. Nous avons \u00e9t\u00e9 tr\u00e8s actifs avec des tables rondes, des campagnes de pr\u00e9vention dans diff\u00e9rents lyc\u00e9es, notre Relai Orange, diverses &hellip; <\/p>\n<p class=\"link-more\"><a href=\"https:\/\/survivant-e-s.lu\/lb\/2024\/01\/15\/ensemble-en-2024\/\" class=\"more-link\">M\u00e9i <span class=\"screen-reader-text\">iwwer &#8220;Ensemble en 2024 !&#8221; <\/span>liesen<\/a><\/p>\n","protected":false},"author":2,"featured_media":777,"comment_status":"closed","ping_status":"","sticky":false,"template":"","format":"standard","meta":{"_exactmetrics_skip_tracking":false,"_exactmetrics_sitenote_active":false,"_exactmetrics_sitenote_note":"","_exactmetrics_sitenote_category":0,"footnotes":""},"categories":[5],"tags":[],"class_list":["post-779","post","type-post","status-publish","format-standard","has-post-thumbnail","hentry","category-communiques"],"_links":{"self":[{"href":"https:\/\/survivant-e-s.lu\/lb\/wp-json\/wp\/v2\/posts\/779","targetHints":{"allow":["GET"]}}],"collection":[{"href":"https:\/\/survivant-e-s.lu\/lb\/wp-json\/wp\/v2\/posts"}],"about":[{"href":"https:\/\/survivant-e-s.lu\/lb\/wp-json\/wp\/v2\/types\/post"}],"author":[{"embeddable":true,"href":"https:\/\/survivant-e-s.lu\/lb\/wp-json\/wp\/v2\/users\/2"}],"replies":[{"embeddable":true,"href":"https:\/\/survivant-e-s.lu\/lb\/wp-json\/wp\/v2\/comments?post=779"}],"version-history":[{"count":4,"href":"https:\/\/survivant-e-s.lu\/lb\/wp-json\/wp\/v2\/posts\/779\/revisions"}],"predecessor-version":[{"id":785,"href":"https:\/\/survivant-e-s.lu\/lb\/wp-json\/wp\/v2\/posts\/779\/revisions\/785"}],"wp:featuredmedia":[{"embeddable":true,"href":"https:\/\/survivant-e-s.lu\/lb\/wp-json\/wp\/v2\/media\/777"}],"wp:attachment":[{"href":"https:\/\/survivant-e-s.lu\/lb\/wp-json\/wp\/v2\/media?parent=779"}],"wp:term":[{"taxonomy":"category","embeddable":true,"href":"https:\/\/survivant-e-s.lu\/lb\/wp-json\/wp\/v2\/categories?post=779"},{"taxonomy":"post_tag","embeddable":true,"href":"https:\/\/survivant-e-s.lu\/lb\/wp-json\/wp\/v2\/tags?post=779"}],"curies":[{"name":"wp","href":"https:\/\/api.w.org\/{rel}","templated":true}]}}