{"id":1895,"date":"2026-04-29T14:36:13","date_gmt":"2026-04-29T12:36:13","guid":{"rendered":"https:\/\/survivant-e-s.lu\/?p=1895"},"modified":"2026-04-29T14:39:36","modified_gmt":"2026-04-29T12:39:36","slug":"pour-la-creation-dune-commission-nationale-independante-sur-les-violences-a-legard-des-enfants","status":"publish","type":"post","link":"https:\/\/survivant-e-s.lu\/lb\/2026\/04\/29\/pour-la-creation-dune-commission-nationale-independante-sur-les-violences-a-legard-des-enfants\/","title":{"rendered":"Pour la cr\u00e9ation d\u2019une Commission nationale ind\u00e9pendante sur les violences \u00e0 l\u2019\u00e9gard des enfants"},"content":{"rendered":"<p class=\"qtranxs-available-languages-message qtranxs-available-languages-message-lb\"> <\/p><p>&nbsp;&nbsp;&nbsp;&nbsp;&nbsp;&nbsp;&nbsp;&nbsp;&nbsp;&nbsp;&nbsp;&nbsp;&nbsp;&nbsp;&nbsp;&nbsp;&nbsp;&nbsp;&nbsp;&nbsp;&nbsp;&nbsp;&nbsp;&nbsp;&nbsp;&nbsp;&nbsp;&nbsp;&nbsp;&nbsp;&nbsp;&nbsp;&nbsp;&nbsp;&nbsp;&nbsp;&nbsp;&nbsp;&nbsp;&nbsp;&nbsp;&nbsp;&nbsp;&nbsp;&nbsp;&nbsp;&nbsp;&nbsp;&nbsp;&nbsp;&nbsp;&nbsp;&nbsp;&nbsp;&nbsp;&nbsp;&nbsp;&nbsp;&nbsp;&nbsp;&nbsp;&nbsp;&nbsp;&nbsp;&nbsp;&nbsp;&nbsp;<\/p>\n\n\n\n<p>Les associations \u00abLa Voix des Survivant(e)s\u00bb et \u00abInnocence en Danger Luxembourg\u00bb saluent conjointement <a href=\"https:\/\/www.chd.lu\/fr\/motion_resolution\/4779\" target=\"_blank\" rel=\"noreferrer noopener\">la motion n\u00b0 4779 d\u00e9pos\u00e9e par le d\u00e9put\u00e9 Dan Biancalana<\/a> (LSAP) le 28 avril 2026 \u00e0 la Chambre des d\u00e9put\u00e9s et demandent aux membres de cette assembl\u00e9e de voter pour, en tenant compte des commentaires pr\u00e9sent\u00e9s dans ce communiqu\u00e9.<\/p>\n\n\n\n<p><strong>Une revendication de longue date<\/strong><\/p>\n\n\n\n<p>Depuis sa fondation en 2022, \u00abLa Voix des Survivant(e)s\u00bb revendique \u00ab&nbsp;<em>La mise en place d\u2019une commission ind\u00e9pendante sur l\u2019inceste et les violences faites aux enfants, sur le mod\u00e8le initial de la CIIVISE en France, afin de faire un \u00e9tat de la situation au Luxembourg.<\/em>&nbsp;\u00bb&nbsp;<\/p>\n\n\n\n<p>Cette demande a notamment \u00e9t\u00e9 r\u00e9affirm\u00e9e lors de la pr\u00e9sentation de sa \u00ab&nbsp;<em>Proposition de r\u00e9formes pour lutter contre les violences fond\u00e9es sur le genre et leur impact sur les enfants co-victimes<\/em>&nbsp;\u00bb \u00e0 la Chambre des d\u00e9put\u00e9s le mercredi 2 juillet 2025, en pr\u00e9sence de la ministre de la Justice, \u00c9lisabeth Margue, et de la ministre de l\u2019\u00c9galit\u00e9 des genres et de la Diversit\u00e9, Yuriko Backes.<\/p>\n\n\n\n<p>Innocence en Danger Luxembourg asbl porte la m\u00eame revendication depuis son implantation au Luxembourg.<\/p>\n\n\n\n<p>Les deux associations se r\u00e9jouissent qu\u2019une initiative parlementaire invite d\u00e9sormais le Gouvernement \u00e0 concr\u00e9tiser cet instrument cl\u00e9 pour la reconnaissance des victimes, la compr\u00e9hension des d\u00e9faillances syst\u00e9miques et la pr\u00e9vention des violences futures. Elles saluent \u00e9galement le fait que l\u2019OKAJU recommande, depuis son rapport annuel 2024, la cr\u00e9ation d\u2019une telle Commission et qu\u2019il ait cette ann\u00e9e engag\u00e9 des travaux de conception en ce sens.&nbsp;<\/p>\n\n\n\n<p><strong>Une mission large et transversale<\/strong><\/p>\n\n\n\n<p>Les associations tiennent \u00e0 souligner qu\u2019une Commission nationale ind\u00e9pendante sur les violences \u00e0 l\u2019\u00e9gard des enfants ne devra pas se limiter \u00e0 l\u2019examen de faits pass\u00e9s ni \u00e0 un seul secteur. Il est essentiel qu\u2019elle adopte une approche globale couvrant toutes les formes de violences faites aux enfants \u2014 physiques, psychologiques, sexuelles ou autres \u2014 dans tous les contextes, qu\u2019ils soient intrafamiliaux, institutionnels, scolaires, sportifs, en ligne, religieux, ou autre.<\/p>\n\n\n\n<p>Elle devra \u00e9galement permettre de d\u00e9terminer, de mani\u00e8re transversale, l\u2019ampleur, les formes et les causes de ces violences, ainsi que d\u2019\u00e9valuer les r\u00e9ponses institutionnelles qui y sont apport\u00e9es, notamment dans les domaines de la justice, de l\u2019\u00e9ducation, de la sant\u00e9 et de la protection de l\u2019enfance.<\/p>\n\n\n\n<p><strong>Des garanties d\u2019ind\u00e9pendance<\/strong><\/p>\n\n\n\n<p>La cr\u00e9dibilit\u00e9 et l\u2019efficacit\u00e9 d\u2019une telle Commission reposent sur des garanties fortes d\u2019ind\u00e9pendance, tant dans sa conception que dans sa composition, son fonctionnement et le suivi de ses recommandations.<\/p>\n\n\n\n<p>\u00c0 cet \u00e9gard, la participation effective des victimes constitue une condition essentielle de sa l\u00e9gitimit\u00e9. Les associations estiment indispensable qu\u2019au moins un(e) repr\u00e9sentant(e) d\u2019association de victimes si\u00e8ge au sein de la Commission. Plus largement, l&#8217;ind\u00e9pendance vis-\u00e0-vis des autorit\u00e9s politiques et administratives ainsi que l&#8217;association de la soci\u00e9t\u00e9 civile devront en constituer les principes fondamentaux.<\/p>\n\n\n\n<p><strong>Des mesures concr\u00e8tes \u00e0 soutenir<\/strong><\/p>\n\n\n\n<p>Les associations saluent \u00e9galement le fait que la motion contienne des mesures essentielles visant \u00e0 renforcer la protection des enfants contre les violences et les abus.&nbsp;Elles soutiennent en particulier :<\/p>\n\n\n\n<ul class=\"wp-block-list\">\n<li>l\u2019instauration de contr\u00f4les r\u00e9guliers et inopin\u00e9s dans les structures d\u2019accueil pour enfants plac\u00e9s et les familles d\u2019accueil ;<\/li>\n\n\n\n<li>le renforcement des m\u00e9canismes de signalement, de supervision et de pr\u00e9vention dans tous les environnements accueillant des mineurs ;<\/li>\n\n\n\n<li>la garantie d\u2019une prise en charge rapide, sp\u00e9cialis\u00e9e et pluridisciplinaire des victimes ;<\/li>\n\n\n\n<li>la mise en place d\u2019outils centralis\u00e9s permettant de disposer de donn\u00e9es fiables, compl\u00e8tes et actualis\u00e9es sur les violences faites aux enfants, condition indispensable \u00e0 l\u2019\u00e9laboration de politiques publiques efficaces ;<\/li>\n\n\n\n<li>la mise en \u0153uvre des recommandations de l\u2019OKAJU relatives \u00e0 l\u2019am\u00e9lioration de l\u2019offre th\u00e9rapeutique pour les victimes et les auteurs d\u2019infractions sexuelles, ainsi qu\u2019\u00e0 l\u2019instauration d\u2019une approche g\u00e9n\u00e9rale de type&nbsp;<em>Barnahus<\/em>.<\/li>\n<\/ul>\n\n\n\n<p><strong>Passer \u00e0 l\u2019action<\/strong><\/p>\n\n\n\n<p>Les associations insistent sur l\u2019importance de traduire rapidement ces orientations en actions concr\u00e8tes, ambitieuses et dot\u00e9es de moyens suffisants, afin de garantir une protection effective de tous les enfants.&nbsp;<\/p>\n\n\n\n<p>Par ailleurs, les associations exhortent le gouvernement \u00e0 mettre en \u0153uvre des campagnes de sensibilisation du public et de former tous les professionnels concern\u00e9s \u00e0 la pr\u00e9vention des violences sur mineurs.&nbsp;<\/p>\n\n\n\n<p>N\u2019attendons pas que les vies soient bris\u00e9es pour tenter de les r\u00e9parer&nbsp;!<\/p>\n\n\n\n<p><\/p>\n\n\n\n<p>Ana Pinto, pr\u00e9sidente de La Voix des Survivant(e)s asbl<\/p>\n\n\n\n<p>Eolia Verstichel, vice-pr\u00e9sidente de Innocence en danger asbl<\/p>","protected":false},"excerpt":{"rendered":"<p>&nbsp;&nbsp;&nbsp;&nbsp;&nbsp;&nbsp;&nbsp;&nbsp;&nbsp;&nbsp;&nbsp;&nbsp;&nbsp;&nbsp;&nbsp;&nbsp;&nbsp;&nbsp;&nbsp;&nbsp;&nbsp;&nbsp;&nbsp;&nbsp;&nbsp;&nbsp;&nbsp;&nbsp;&nbsp;&nbsp;&nbsp;&nbsp;&nbsp;&nbsp;&nbsp;&nbsp;&nbsp;&nbsp;&nbsp;&nbsp;&nbsp;&nbsp;&nbsp;&nbsp;&nbsp;&nbsp;&nbsp;&nbsp;&nbsp;&nbsp;&nbsp;&nbsp;&nbsp;&nbsp;&nbsp;&nbsp;&nbsp;&nbsp;&nbsp;&nbsp;&nbsp;&nbsp;&nbsp;&nbsp;&nbsp;&nbsp;&nbsp; Les associations \u00abLa Voix des Survivant(e)s\u00bb et \u00abInnocence en Danger Luxembourg\u00bb saluent conjointement la motion n\u00b0 4779 d\u00e9pos\u00e9e par le d\u00e9put\u00e9 Dan Biancalana (LSAP) le 28 avril 2026 \u00e0 la Chambre des d\u00e9put\u00e9s et demandent aux membres de cette assembl\u00e9e de voter pour, en tenant compte des commentaires pr\u00e9sent\u00e9s dans ce communiqu\u00e9. Une revendication &hellip; <\/p>\n<p class=\"link-more\"><a href=\"https:\/\/survivant-e-s.lu\/lb\/2026\/04\/29\/pour-la-creation-dune-commission-nationale-independante-sur-les-violences-a-legard-des-enfants\/\" class=\"more-link\">M\u00e9i <span class=\"screen-reader-text\">iwwer &#8220;Pour la cr\u00e9ation d\u2019une Commission nationale ind\u00e9pendante sur les violences \u00e0 l\u2019\u00e9gard des enfants&#8221; <\/span>liesen<\/a><\/p>\n","protected":false},"author":2,"featured_media":1566,"comment_status":"closed","ping_status":"","sticky":false,"template":"","format":"standard","meta":{"_exactmetrics_skip_tracking":false,"_exactmetrics_sitenote_active":false,"_exactmetrics_sitenote_note":"","_exactmetrics_sitenote_category":0,"footnotes":""},"categories":[5],"tags":[],"class_list":["post-1895","post","type-post","status-publish","format-standard","has-post-thumbnail","hentry","category-communiques"],"_links":{"self":[{"href":"https:\/\/survivant-e-s.lu\/lb\/wp-json\/wp\/v2\/posts\/1895","targetHints":{"allow":["GET"]}}],"collection":[{"href":"https:\/\/survivant-e-s.lu\/lb\/wp-json\/wp\/v2\/posts"}],"about":[{"href":"https:\/\/survivant-e-s.lu\/lb\/wp-json\/wp\/v2\/types\/post"}],"author":[{"embeddable":true,"href":"https:\/\/survivant-e-s.lu\/lb\/wp-json\/wp\/v2\/users\/2"}],"replies":[{"embeddable":true,"href":"https:\/\/survivant-e-s.lu\/lb\/wp-json\/wp\/v2\/comments?post=1895"}],"version-history":[{"count":3,"href":"https:\/\/survivant-e-s.lu\/lb\/wp-json\/wp\/v2\/posts\/1895\/revisions"}],"predecessor-version":[{"id":1898,"href":"https:\/\/survivant-e-s.lu\/lb\/wp-json\/wp\/v2\/posts\/1895\/revisions\/1898"}],"wp:featuredmedia":[{"embeddable":true,"href":"https:\/\/survivant-e-s.lu\/lb\/wp-json\/wp\/v2\/media\/1566"}],"wp:attachment":[{"href":"https:\/\/survivant-e-s.lu\/lb\/wp-json\/wp\/v2\/media?parent=1895"}],"wp:term":[{"taxonomy":"category","embeddable":true,"href":"https:\/\/survivant-e-s.lu\/lb\/wp-json\/wp\/v2\/categories?post=1895"},{"taxonomy":"post_tag","embeddable":true,"href":"https:\/\/survivant-e-s.lu\/lb\/wp-json\/wp\/v2\/tags?post=1895"}],"curies":[{"name":"wp","href":"https:\/\/api.w.org\/{rel}","templated":true}]}}