{"id":1877,"date":"2026-04-27T14:38:24","date_gmt":"2026-04-27T12:38:24","guid":{"rendered":"https:\/\/survivant-e-s.lu\/?p=1877"},"modified":"2026-04-27T14:38:24","modified_gmt":"2026-04-27T12:38:24","slug":"assemblee-generale-2026-on-croit-en-vous-continuez","status":"publish","type":"post","link":"https:\/\/survivant-e-s.lu\/lb\/2026\/04\/27\/assemblee-generale-2026-on-croit-en-vous-continuez\/","title":{"rendered":"Assembl\u00e9e g\u00e9n\u00e9rale\u00a02026 : \u00ab\u00a0On croit en vous, continuez\u00a0!\u00bb"},"content":{"rendered":"<p class=\"qtranxs-available-languages-message qtranxs-available-languages-message-lb\"> <\/p><details class=\"wp-block-details is-layout-flow wp-block-details-is-layout-flow\"><summary><\/summary>\n<p><\/p>\n<\/details>\n\n\n\n<p>L\u2019association La Voix des Survivant(e)s s\u2019est r\u00e9unie le 23 avril \u00e0 Mersch \u00e0 l\u2019occasion de son assembl\u00e9e g\u00e9n\u00e9rale ordinaire pour pr\u00e9senter le rapport d\u2019activit\u00e9s d\u2019une ann\u00e9e 2025 marqu\u00e9e par la pr\u00e9sentation \u00e0 la Chambre des d\u00e9put\u00e9s de ses 57 \u00ab&nbsp;propositions de r\u00e9forme pour mieux lutter contre les violences fond\u00e9es sur le genre et leur impact sur les enfants co-victimes&nbsp;\u00bb. <\/p>\n\n\n\n<!--more-->\n\n\n\n<p>La pr\u00e9sidente, Ana Pinto, s\u2019est f\u00e9licit\u00e9e que ce texte a d\u00e9j\u00e0 permis de faire bouger les lignes. Autre signe que les mentalit\u00e9s \u00e9voluent&nbsp;: le Conseil communal de Mersch, saisi par l\u2019association, a accept\u00e9 de changer le nom de la rue o\u00f9 est domicili\u00e9 le Kannerduerf afin qu\u2019il ne porte plus celui d\u2019un homme poursuivi pour viol.<\/p>\n\n\n\n<p>Ana Pinto a exprim\u00e9 sa gratitude envers tous ceux qui se mobilisent aux c\u00f4t\u00e9s de LVDS, que ce soit par leurs cotisations, leurs dons ou leur engagement personnel. \u00ab&nbsp;C\u2019est un message fort qui dit&nbsp;: on croit en vous, continuez&nbsp;!\u00bb.<\/p>\n\n\n\n<p>L\u2019association s\u2019est engag\u00e9e sans compter au sein de diff\u00e9rents groupes de travail pour venir en aide aux victimes, mais aussi poursuivre des actions de pr\u00e9vention et de sensibilisation contre les violences sexuelles, sexistes, physiques et psychiques.&nbsp;<\/p>\n\n\n\n<p>&nbsp;\u00ab&nbsp;Au fil des mois, notre association a grandi pas seulement en nombre mais aussi en force, en solidarit\u00e9 et en d\u00e9termination\u00bb, s\u2019est r\u00e9jouie la Secr\u00e9taire, Yvette Challe, avant de passer la parole aux diff\u00e9rentes responsables de groupes de travail de LVDS.<\/p>\n\n\n\n<p class=\"has-medium-font-size\"><strong>Groupe Soutien aux victimes<\/strong><\/p>\n\n\n\n<figure class=\"wp-block-image size-large\"><img loading=\"lazy\" decoding=\"async\" width=\"1024\" height=\"756\" src=\"https:\/\/survivant-e-s.lu\/wp-content\/uploads\/2026\/04\/IMG_6430-scaled-e1777210449932-1024x756.jpeg\" alt=\"\" class=\"wp-image-1883\" srcset=\"https:\/\/survivant-e-s.lu\/wp-content\/uploads\/2026\/04\/IMG_6430-scaled-e1777210449932-1024x756.jpeg 1024w, https:\/\/survivant-e-s.lu\/wp-content\/uploads\/2026\/04\/IMG_6430-scaled-e1777210449932-300x221.jpeg 300w, https:\/\/survivant-e-s.lu\/wp-content\/uploads\/2026\/04\/IMG_6430-scaled-e1777210449932-768x567.jpeg 768w, https:\/\/survivant-e-s.lu\/wp-content\/uploads\/2026\/04\/IMG_6430-scaled-e1777210449932-1536x1134.jpeg 1536w, https:\/\/survivant-e-s.lu\/wp-content\/uploads\/2026\/04\/IMG_6430-scaled-e1777210449932-1320x974.jpeg 1320w, https:\/\/survivant-e-s.lu\/wp-content\/uploads\/2026\/04\/IMG_6430-scaled-e1777210449932.jpeg 1707w\" sizes=\"auto, (max-width: 1024px) 100vw, 1024px\" \/><figcaption class=\"wp-element-caption\">Anette Michels a pr\u00e9sent\u00e9 les activit\u00e9s du Groupe Soutien aux victimes (photo : Anthony Pinto)<\/figcaption><\/figure>\n\n\n\n<p>Le groupe de Soutien aux victimes aide quotidiennement et b\u00e9n\u00e9volement les victimes qui contactent LVDS via l\u2019adresse mail (<a href=\"mailto:lvds.lux@gmail.com\">lvds.lux@gmail.com<\/a>) ou les r\u00e9seaux sociaux. Annette Michels, membre du comit\u00e9 et responsable de ce groupe, a expliqu\u00e9 qu\u2019il s\u2019agit le plus souvent de femmes victimes de violence domestique, dont beaucoup ont souffert de contr\u00f4le coercitif. Elles expriment de mani\u00e8re r\u00e9currente leur peur de perdre leurs enfants ainsi que leur difficult\u00e9 \u00e0 se loger. Des jeunes filles victimes de violence sexuelle ou d\u2019abus dans leur famille ont \u00e9galement fait appel \u00e0 l\u2019association pour tenter de se sortir de crises aigu\u00ebs.&nbsp;<\/p>\n\n\n\n<p>Les violences n\u2019\u00e9pargnent pas les hommes et quelques-uns&nbsp;&nbsp;(4% des demandes) ont trouv\u00e9 le chemin de l\u2019association. Ils souffraient \u00e0 chaque fois des cons\u00e9quences de viol ou d\u2019inceste dans l\u2019enfance.&nbsp;&nbsp;<\/p>\n\n\n\n<p>Le groupe de soutien oriente les victimes vers les professionnels comp\u00e9tents, en fonction des situations particuli\u00e8res. L\u2019aide est aussi morale, avec parfois un accompagnement sur le long terme.&nbsp;<\/p>\n\n\n\n<p>\u00abSi on parle de violence dans les familles, on pense souvent que cela n\u2019arrive que dans les familles d\u00e9favoris\u00e9es ou d\u2019origine \u00e9trang\u00e8re. Or toutes les jeunes que j\u2019accompagne sont Luxembourgeoises, ont des parents de statut tr\u00e8s ais\u00e9, ils sont m\u00eame parfois tr\u00e8s riches. Ils exercent la profession&nbsp;de directeur, avocat, fonctionnaire, etc. Chacune de ces jeunes n\u2019a pas \u00e9t\u00e9 crue dans son enfance ou sa jeunesse quand elle a os\u00e9 parl\u00e9 de ses souffrances\u00bb, a d\u00e9plor\u00e9 Annette Michels.<\/p>\n\n\n\n<p>On notera que le Fonds d\u2019Aide Nouveau D\u00e9part de LVDS, dot\u00e9 de 15.000 euros, a permis d\u2019aider quatre femmes et un homme victimes de violence domestique en 2025. Ce fonds est activ\u00e9 soit directement par LVDS, qui identifie de potentiels b\u00e9n\u00e9ficiaires, soit en collaboration avec des foyers qui accueillent des victimes en phase de reconstruction.<\/p>\n\n\n\n<p class=\"has-medium-font-size\"><strong>Groupe Justice<\/strong><\/p>\n\n\n\n<p>&nbsp;\u00ab&nbsp;Rendre le droit accessible, protecteur et effectif pour les survivantes et survivants de violence, tout en contribuant \u00e0 une \u00e9volution structurelle des pratiques judiciaires&nbsp;\u00bb, tel est l\u2019objectif constant du groupe Justice, a expliqu\u00e9 St\u00e9phanie Makoumbou, avocate et membre du comit\u00e9 de LVDS.&nbsp;<\/p>\n\n\n\n<p>Elle a accompagn\u00e9 de nombreuses personnes victimes de violences sexuelles, sexistes et\/ou domestiques \u00e0 diff\u00e9rentes \u00e9tapes de leur parcours judiciaire, par exemple en vue d\u2019un d\u00e9p\u00f4t de plainte ou pour tenter de d\u00e9bloquer une proc\u00e9dure qui n\u2019avance pas. \u00ab&nbsp;Souvent, les victimes ne connaissent pas leurs droits. Il est important de les en informer afin qu\u2019elles les utilisent&nbsp;\u00bb, observe-t-elle. Elle a cit\u00e9 l\u2019exemple d\u2019une personne dont le conjoint \u00e9tait violent et qui affirmait avoir le droit de revenir dans la maison de la victime. Celle-ci ne savait pas si elle avait le droit ou pas de lui refuser l\u2019acc\u00e8s\u00bb.&nbsp;<\/p>\n\n\n\n<figure class=\"wp-block-image size-large\"><img loading=\"lazy\" decoding=\"async\" width=\"1024\" height=\"683\" src=\"https:\/\/survivant-e-s.lu\/wp-content\/uploads\/2026\/04\/IMG_6427-1024x683.jpeg\" alt=\"\" class=\"wp-image-1884\" srcset=\"https:\/\/survivant-e-s.lu\/wp-content\/uploads\/2026\/04\/IMG_6427-1024x683.jpeg 1024w, https:\/\/survivant-e-s.lu\/wp-content\/uploads\/2026\/04\/IMG_6427-300x200.jpeg 300w, https:\/\/survivant-e-s.lu\/wp-content\/uploads\/2026\/04\/IMG_6427-2000x1333.jpeg 2000w\" sizes=\"auto, (max-width: 1024px) 100vw, 1024px\" \/><figcaption class=\"wp-element-caption\">St\u00e9phanie Makoumbou a pr\u00e9sent\u00e9 les activit\u00e9s du Groupe Justice (photo : Anthony Pinto)<\/figcaption><\/figure>\n\n\n\n<p>L\u2019un des temps forts du groupe Justice en 2025 a \u00e9t\u00e9 la pr\u00e9sentation des <a href=\"https:\/\/survivant-e-s.lu\/fr\/2025\/07\/03\/la-voix-des-survivantes-defend-ses-propositions-de-reforme-a-la-chambre-des-deputes\/\" target=\"_blank\" rel=\"noreferrer noopener\">57 propositions de r\u00e9forme \u00e0 la Chambre des d\u00e9put\u00e9s, le 2 juillet<\/a>. \u00ab&nbsp;Je pense que les d\u00e9put\u00e9s et les ministres pr\u00e9sents ont pris conscience qu\u2019on \u00e9tait s\u00e9rieux dans notre d\u00e9marche et qu\u2019on avait soulev\u00e9 des points sur lesquels il fallait agir. C\u2019est la raison pour laquelle ils se sont engag\u00e9s \u00e0 discuter de nos propositions dans les diff\u00e9rentes Commissions parlementaires comp\u00e9tentes&nbsp;\u00bb.&nbsp;<\/p>\n\n\n\n<p>Il a fallu attendre le 13 avril 2026 pour que certaines propositions soient discut\u00e9es devant la<strong><em>&nbsp;<\/em><\/strong>Commission&nbsp;de la&nbsp;Famille, des Solidarit\u00e9s, du Vivre ensemble, de l&#8217;Accueil, de l&#8217;\u00c9galit\u00e9 des genres et de la Diversit\u00e9. Une autre discussion devrait avoir lieu devant la Commission de la Justice mais la date n\u2019est pas encore connue.<\/p>\n\n\n\n<p>L\u2019association se f\u00e9licite d\u2019avoir d\u00e9j\u00e0 r\u00e9ussi \u00e0 faire bouger certaines lignes&nbsp;: le sursis doit d\u00e9sormais \u00eatre motiv\u00e9 pour \u00eatre appliqu\u00e9 en mati\u00e8re p\u00e9nale&nbsp;; le Centre National pour Victimes de Violence sera ouvert 24h\/7 \u00e0 partir du 1<sup>er<\/sup>&nbsp;mai&nbsp;; le Conseil de gouvernement a vot\u00e9 un projet de loi introduisant la p\u00e9nalisation du contr\u00f4le coercitif&nbsp;; des initiatives se mettent en place pour mieux former les policiers. \u00ab&nbsp;Nous regrettons le rejet de notre demande de cr\u00e9ation d\u2019un Tribunal sp\u00e9cialis\u00e9 mais nous allons poursuivre la discussion pour avoir des policiers et magistrats sp\u00e9cialis\u00e9s sur les affaires de violences sexuelles et sexistes le cas \u00e9ch\u00e9ant au sein d\u2019une Chambre sp\u00e9cialis\u00e9e\u00bb.<\/p>\n\n\n\n<p>LVDS souhaite aussi se pencher plus en profondeur sur la question de la protection des enfants, \u00ab&nbsp;un chantier sur lequel il y a \u00e9norm\u00e9ment \u00e0 faire&nbsp;\u00bb.&nbsp;<\/p>\n\n\n\n<p class=\"has-medium-font-size\"><strong>Groupe Pr\u00e9vention et Sensibilisation<\/strong><\/p>\n\n\n\n<p>Les d\u00e9g\u00e2ts provoqu\u00e9s par les violences sexuelles, sexistes, physiques et psychiques sont tels qu\u2019il faut tout faire pour emp\u00eacher qu\u2019elles ne se produisent. C\u2019est pourquoi l\u2019association a poursuivi en 2025 ses actions de pr\u00e9vention et de sensibilisation, en particulier aupr\u00e8s des jeunes.&nbsp;&nbsp;LVDS a particip\u00e9 \u00e0 10 interventions dans des lyc\u00e9es et \u00e9t\u00e9 invit\u00e9e \u00e0 31 tables-rondes ou conf\u00e9rences.<\/p>\n\n\n\n<p>\u00ab&nbsp;Dans chaque classe o\u00f9 on va, il y a au moins un enfant qui nous dit qu\u2019il a \u00e9t\u00e9 abus\u00e9 sexuellement par un parent, un ami de la famille ou un coll\u00e8gue de l\u2019\u00e9cole. Souvent, ces enfants n\u2019en ont encore parl\u00e9 \u00e0 personne. Pourquoi nous parlent-ils&nbsp;\u00e0 nous ? Parce que le fait de leur partager notre propre histoire l\u00e8ve les barri\u00e8res&nbsp;\u00bb, a expliqu\u00e9 Ana Pinto.&nbsp;&nbsp;<\/p>\n\n\n\n<figure class=\"wp-block-image size-large\"><img loading=\"lazy\" decoding=\"async\" width=\"1024\" height=\"655\" src=\"https:\/\/survivant-e-s.lu\/wp-content\/uploads\/2026\/04\/IMG_6391-scaled-e1777210564912-1024x655.jpeg\" alt=\"\" class=\"wp-image-1887\" srcset=\"https:\/\/survivant-e-s.lu\/wp-content\/uploads\/2026\/04\/IMG_6391-scaled-e1777210564912-1024x655.jpeg 1024w, https:\/\/survivant-e-s.lu\/wp-content\/uploads\/2026\/04\/IMG_6391-scaled-e1777210564912-300x192.jpeg 300w, https:\/\/survivant-e-s.lu\/wp-content\/uploads\/2026\/04\/IMG_6391-scaled-e1777210564912-768x491.jpeg 768w, https:\/\/survivant-e-s.lu\/wp-content\/uploads\/2026\/04\/IMG_6391-scaled-e1777210564912-1536x983.jpeg 1536w, https:\/\/survivant-e-s.lu\/wp-content\/uploads\/2026\/04\/IMG_6391-scaled-e1777210564912-1320x844.jpeg 1320w, https:\/\/survivant-e-s.lu\/wp-content\/uploads\/2026\/04\/IMG_6391-scaled-e1777210564912.jpeg 1707w\" sizes=\"auto, (max-width: 1024px) 100vw, 1024px\" \/><figcaption class=\"wp-element-caption\">Ana Pinto a pr\u00e9sent\u00e9 les activit\u00e9s du Groupe Pr\u00e9vention (photo : Anthony Pinto)<\/figcaption><\/figure>\n\n\n\n<p>Annette Michels a accompagn\u00e9 quatre travaux p\u00e9dagogiques de lyc\u00e9ens en lien avec les violences sexuelles et sexistes.&nbsp;\u00abL\u2019une des classes a pr\u00e9sent\u00e9 son projet devant 200 \u00e9l\u00e8ves. Cela a eu un fort impact aupr\u00e8s des jeunes&nbsp;!\u00bb. Elle aimerait que davantage de lyc\u00e9es participent \u00e0 ces s\u00e9ances de sensibilisation.<\/p>\n\n\n\n<p>Quelques jours avant la pr\u00e9sentation des 57 propositions de r\u00e9forme \u00e0 la Chambre des d\u00e9put\u00e9s, LVDS a voulu mettre en lumi\u00e8re la probl\u00e9matique du contr\u00f4le coercitif, au c\u0153ur de la violence domestique. L\u2019association a fait venir au Luxembourg pour une conf\u00e9rence la sp\u00e9cialiste fran\u00e7aise du sujet, Andreea Gruev Vintila.&nbsp;<\/p>\n\n\n\n<p>L\u2019association a \u00e9galement invit\u00e9&nbsp;Christel Petitcollin \u00e0 tenir une conf\u00e9rence sur le th\u00e8me:&nbsp;\u00abAgressions sexuelles : comment se reconstruire?\u00bb pour l\u2019ouverture de la Orange Week, au mois de novembre.<\/p>\n\n\n\n<p>Par ailleurs, l\u2019<a href=\"https:\/\/survivant-e-s.lu\/fr\/expo-brisons-le-silence\/\" target=\"_blank\" rel=\"noreferrer noopener\">exposition itin\u00e9rante BRISONS LE SILENCE <\/a>a poursuivi sa route dans le pays. En 2025, elle a \u00e9t\u00e9 accroch\u00e9e au Centre Hospitalier du Nord \u00e0 Ettelbr\u00fcck,&nbsp;&nbsp;\u00e0 la Chambre des Salari\u00e9s Luxembourg et au Centre Hospitalier Emile Mayrisch \u00e0 Esch-sur-Alzette. Elle \u00e9tait pr\u00e9sent\u00e9e devant la Chambre des d\u00e9put\u00e9s le 2 juillet.&nbsp;&nbsp;<\/p>\n\n\n\n<p>Depuis le d\u00e9but de l\u2019ann\u00e9e, elle a \u00e9t\u00e9 accueillie au Centre Hospitalier et \u00e0 la Maternit\u00e9 de Luxembourg, puis au Centre City Concorde de Bertrange. Elle sera \u00e0 voir au mois de mai sur la passerelle de la gare de Luxembourg.&nbsp;<\/p>\n\n\n\n<p class=\"has-medium-font-size\"><strong>Groupe Communication<\/strong><\/p>\n\n\n\n<p>L\u2019association utilise diff\u00e9rents outils pour faire entendre plus largement La Voix des Survivant(e)s et contribuer \u00e0 briser le silence.<\/p>\n\n\n\n<p>Cela passe tout d\u2019abord par le site internet, vitrine des activit\u00e9s de l\u2019association. La responsable du Groupe Communication et vice-pr\u00e9sidente de l\u2019association, Marie-Laure Rolland, a indiqu\u00e9 que dix communiqu\u00e9s ont \u00e9t\u00e9 publi\u00e9s sur le site internet en 2025, dont quatre prises de position sur des affaires publiques.&nbsp;Dix-sept newsletters<strong>&nbsp;<\/strong>ont \u00e9t\u00e9 envoy\u00e9es \u00e0 855 abonn\u00e9s, un chiffre en progression constante.<\/p>\n\n\n\n<p>La forte croissance des r\u00e9seaux sociaux&nbsp;de l\u2019association a permis d\u2019\u00e9largir son audience \u00e0 un plus large public. Le compte Facebook de LVDS compte 2028 followers, Instagram 804 et Linkedin 559.&nbsp;<\/p>\n\n\n\n<p>La presse est \u00e9galement un relai important pour donner une visibilit\u00e9 aux activit\u00e9s de l\u2019association. LVDS est d\u00e9sormais reconnue comme un interlocuteur de r\u00e9f\u00e9rence pour la presse sur les questions des violences sexuelles et sexistes dans le pays. Au moins <a href=\"https:\/\/survivant-e-s.lu\/fr\/francais-revue-de-presse\/\" target=\"_blank\" rel=\"noreferrer noopener\">43 articles ont fait mention de LVDS<\/a> dans la presse luxembourgeoise en 2025. On aura en particulier not\u00e9 la tr\u00e8s forte couverture m\u00e9diatique des 57 Propositions de r\u00e9forme, pour lesquelles les t\u00e9l\u00e9visions Saarl\u00e4ndischer Rundfunk et Arte ont fait le d\u00e9placement au Luxembourg.&nbsp;<\/p>\n\n\n\n<figure class=\"wp-block-image size-large\"><img loading=\"lazy\" decoding=\"async\" width=\"1024\" height=\"791\" src=\"https:\/\/survivant-e-s.lu\/wp-content\/uploads\/2026\/04\/IMG_6461-scaled-e1777210708673-1024x791.jpeg\" alt=\"\" class=\"wp-image-1881\" srcset=\"https:\/\/survivant-e-s.lu\/wp-content\/uploads\/2026\/04\/IMG_6461-scaled-e1777210708673-1024x791.jpeg 1024w, https:\/\/survivant-e-s.lu\/wp-content\/uploads\/2026\/04\/IMG_6461-scaled-e1777210708673-300x232.jpeg 300w, https:\/\/survivant-e-s.lu\/wp-content\/uploads\/2026\/04\/IMG_6461-scaled-e1777210708673-768x593.jpeg 768w, https:\/\/survivant-e-s.lu\/wp-content\/uploads\/2026\/04\/IMG_6461-scaled-e1777210708673-1536x1186.jpeg 1536w, https:\/\/survivant-e-s.lu\/wp-content\/uploads\/2026\/04\/IMG_6461-scaled-e1777210708673-1320x1019.jpeg 1320w, https:\/\/survivant-e-s.lu\/wp-content\/uploads\/2026\/04\/IMG_6461-scaled-e1777210708673.jpeg 1707w\" sizes=\"auto, (max-width: 1024px) 100vw, 1024px\" \/><figcaption class=\"wp-element-caption\">LVDS veut poursuivre ses projets pour briser le silence autour des violences sexuelles et sexistes (photo : Anthony Pinto)<\/figcaption><\/figure>\n\n\n\n<p class=\"has-medium-font-size\"><strong>Les projets pour 2026<\/strong><\/p>\n\n\n\n<p>Avec plus de 100 membres inscrits depuis sa cr\u00e9ation et de nombreux donateurs, l\u2019association a pr\u00e9sent\u00e9 un r\u00e9sultat de l\u2019exercice 2025 b\u00e9n\u00e9ficiaire qui lui permet d\u2019envisager sereinement la suite de ses projets en 2026. Les comptes ont \u00e9t\u00e9 pr\u00e9sent\u00e9s par la tr\u00e9sori\u00e8re Jailza Dos Santos et r\u00e9vis\u00e9s par Paul Grosber, qui a obtenu le quitus de l\u2019assembl\u00e9e.<\/p>\n\n\n\n<p>Un groupe de parole va \u00eatre relanc\u00e9 dans les prochaines semaines et un cours de krav-maga sera propos\u00e9 au mois de septembre pour les membres.&nbsp;<\/p>\n\n\n\n<p>L\u2019association est associ\u00e9e au projet de l\u2019Okaju de cr\u00e9er un violentom\u00e8tre pour les enfants et les adolescents. Celui-ci devrait \u00eatre pr\u00eat pour la prochaine rentr\u00e9e scolaire.<\/p>\n\n\n\n<p>Last but not least, l\u2019association d\u00e9veloppe actuellement un ambitieux projet d\u2019auto-\u00e9dition d\u2019une bande dessin\u00e9e documentaire. A c\u00f4t\u00e9 des deux campagnes de t\u00e9moignages vid\u00e9os I\u2019M POSSIBLE (2021 et 2023) et de l\u2019exposition BRISONS LE SILENCE (2024), ce sera un nouvel outil pour briser le silence autour des violences sexistes et sexuelles au Luxembourg. Cette BD sera utilis\u00e9e lors des s\u00e9ances de pr\u00e9vention dans les lyc\u00e9es ainsi que lors de s\u00e9ances de sensibilisation pour le grand public.&nbsp;<\/p>\n\n\n\n<p>Elle racontera l\u2019histoire collective de l\u2019association et laissera aussi un espace aux r\u00e9cits intimes des survivant\u00b7e\u00b7s pour t\u00e9moigner d\u2019un mouvement de lib\u00e9ration de la parole au Luxembourg fait d\u2019\u00e9lans, de r\u00e9sistances, de questionnements.<\/p>\n\n\n\n<p>La BD sera co-\u00e9crite par le dessinateur fran\u00e7ais J\u00e9r\u00e9mie Dres et la vice-pr\u00e9sidente de LVDS Marie-Laure Rolland. La publication est pr\u00e9vue en novembre 2027.<\/p>\n\n\n\n<p>Ce projet tr\u00e8s ambitieux va mobiliser l\u2019association sur le long terme. LVDS est en train de collecter des fonds pour boucler le budget et a d\u00e9j\u00e0 obtenu le soutien tr\u00e8s important, \u00e0 hauteur de 18.000 euros, des donateurs de l\u2019&nbsp;<a href=\"https:\/\/survivant-e-s.lu\/fr\/2026\/02\/09\/des-roses-pour-faire-entendre-la-voix-des-survivantes\/\" target=\"_blank\" rel=\"noreferrer noopener\">\u00ab&nbsp;Action Roses&nbsp;\u00bb du Rotary Club Luxembourg Schuman<\/a>.&nbsp;<\/p>\n\n\n\n<p><\/p>","protected":false},"excerpt":{"rendered":"<p>L\u2019association La Voix des Survivant(e)s s\u2019est r\u00e9unie le 23 avril \u00e0 Mersch \u00e0 l\u2019occasion de son assembl\u00e9e g\u00e9n\u00e9rale ordinaire pour pr\u00e9senter le rapport d\u2019activit\u00e9s d\u2019une ann\u00e9e 2025 marqu\u00e9e par la pr\u00e9sentation \u00e0 la Chambre des d\u00e9put\u00e9s de ses 57 \u00ab&nbsp;propositions de r\u00e9forme pour mieux lutter contre les violences fond\u00e9es sur le genre et leur impact &hellip; <\/p>\n<p class=\"link-more\"><a href=\"https:\/\/survivant-e-s.lu\/lb\/2026\/04\/27\/assemblee-generale-2026-on-croit-en-vous-continuez\/\" class=\"more-link\">M\u00e9i <span class=\"screen-reader-text\">iwwer &#8220;Assembl\u00e9e g\u00e9n\u00e9rale\u00a02026 : \u00ab\u00a0On croit en vous, continuez\u00a0!\u00bb&#8221; <\/span>liesen<\/a><\/p>\n","protected":false},"author":2,"featured_media":1878,"comment_status":"closed","ping_status":"","sticky":false,"template":"","format":"standard","meta":{"_exactmetrics_skip_tracking":false,"_exactmetrics_sitenote_active":false,"_exactmetrics_sitenote_note":"","_exactmetrics_sitenote_category":0,"footnotes":""},"categories":[5],"tags":[],"class_list":["post-1877","post","type-post","status-publish","format-standard","has-post-thumbnail","hentry","category-communiques"],"_links":{"self":[{"href":"https:\/\/survivant-e-s.lu\/lb\/wp-json\/wp\/v2\/posts\/1877","targetHints":{"allow":["GET"]}}],"collection":[{"href":"https:\/\/survivant-e-s.lu\/lb\/wp-json\/wp\/v2\/posts"}],"about":[{"href":"https:\/\/survivant-e-s.lu\/lb\/wp-json\/wp\/v2\/types\/post"}],"author":[{"embeddable":true,"href":"https:\/\/survivant-e-s.lu\/lb\/wp-json\/wp\/v2\/users\/2"}],"replies":[{"embeddable":true,"href":"https:\/\/survivant-e-s.lu\/lb\/wp-json\/wp\/v2\/comments?post=1877"}],"version-history":[{"count":3,"href":"https:\/\/survivant-e-s.lu\/lb\/wp-json\/wp\/v2\/posts\/1877\/revisions"}],"predecessor-version":[{"id":1891,"href":"https:\/\/survivant-e-s.lu\/lb\/wp-json\/wp\/v2\/posts\/1877\/revisions\/1891"}],"wp:featuredmedia":[{"embeddable":true,"href":"https:\/\/survivant-e-s.lu\/lb\/wp-json\/wp\/v2\/media\/1878"}],"wp:attachment":[{"href":"https:\/\/survivant-e-s.lu\/lb\/wp-json\/wp\/v2\/media?parent=1877"}],"wp:term":[{"taxonomy":"category","embeddable":true,"href":"https:\/\/survivant-e-s.lu\/lb\/wp-json\/wp\/v2\/categories?post=1877"},{"taxonomy":"post_tag","embeddable":true,"href":"https:\/\/survivant-e-s.lu\/lb\/wp-json\/wp\/v2\/tags?post=1877"}],"curies":[{"name":"wp","href":"https:\/\/api.w.org\/{rel}","templated":true}]}}