{"id":1153,"date":"2024-09-18T11:56:50","date_gmt":"2024-09-18T09:56:50","guid":{"rendered":"https:\/\/survivant-e-s.lu\/?p=1153"},"modified":"2024-09-19T15:24:05","modified_gmt":"2024-09-19T13:24:05","slug":"violences-physiques-psychologiques-et-sexuelles-pour-une-reforme-de-la-loi","status":"publish","type":"post","link":"https:\/\/survivant-e-s.lu\/en\/2024\/09\/18\/violences-physiques-psychologiques-et-sexuelles-pour-une-reforme-de-la-loi\/","title":{"rendered":"Violences physiques, psychologiques et sexuelles : pour une r\u00e9forme de la loi"},"content":{"rendered":"<p class=\"qtranxs-available-languages-message qtranxs-available-languages-message-en\">Sorry, this entry is only available in <a href=\"https:\/\/survivant-e-s.lu\/fr\/wp-json\/wp\/v2\/posts\/1153\" class=\"qtranxs-available-language-link qtranxs-available-language-link-fr\" title=\"Fran\u00e7ais\">Fran\u00e7ais<\/a> :<\/p><p>L\u2019association La Voix des Survivant(e)s pr\u00e9sente<strong> lundi 14 octobre \u00e0 18h30 \u00e0 l&#8217;auditorium du Cercle Cit\u00e9<\/strong>, 3 rue Genistre \u00e0 Luxembourg, ses propositions de r\u00e9forme de la l\u00e9gislation contre la violence fond\u00e9e sur le genre et son impact sur les enfants.<\/p>\n<p>Ces propositions visent \u00e0 mieux pr\u00e9venir cette violence, mettre fin \u00e0 l&#8217;impunit\u00e9 et mieux pr\u00eater assistance aux victimes.<\/p>\n<p>La rencontre sera l&#8217;occasion d&#8217;un \u00e9change avec le public autour de ces id\u00e9es.<\/p>\n<p>Nous voulons r\u00e9pondre aux dysfonctionnements dont nous avons \u00e9t\u00e9 victimes ou t\u00e9moins. L&#8217;association souhaite ainsi contribuer activement au futur Plan d&#8217;Action National contre les violences de genre \u00e0 l&#8217;agenda du gouvernement.<\/p>\n<p>Participation gratuite sur r\u00e9servation (le nombre de places est limit\u00e9)\u00a0<\/p>\n<p>Inscrivez-vous par mail \u00e0 <strong>lvds.lux@gmail.com\u00a0<\/strong><\/p>\n<p>ou<strong> via Eventbrite<a href=\"https:\/\/www.eventbrite.be\/e\/violences-physiques-psychologiques-sexuelles-pour-une-reforme-de-la-loi-tickets-1019364525737?aff=oddtdtcreator\" target=\"_blank\" rel=\"noopener\"> en cliquant ici<\/a>.<\/strong><\/p>\n\n\n<p><\/p>","protected":false},"excerpt":{"rendered":"<p>Sorry, this entry is only available in Fran\u00e7ais : L\u2019association La Voix des Survivant(e)s pr\u00e9sente lundi 14 octobre \u00e0 18h30 \u00e0 l&#8217;auditorium du Cercle Cit\u00e9, 3 rue Genistre \u00e0 Luxembourg, ses propositions de r\u00e9forme de la l\u00e9gislation contre la violence fond\u00e9e sur le genre et son impact sur les enfants. Ces propositions visent \u00e0 mieux &hellip; <\/p>\n<p class=\"link-more\"><a href=\"https:\/\/survivant-e-s.lu\/en\/2024\/09\/18\/violences-physiques-psychologiques-et-sexuelles-pour-une-reforme-de-la-loi\/\" class=\"more-link\">Read more<span class=\"screen-reader-text\"> &#8220;Violences physiques, psychologiques et sexuelles : pour une r\u00e9forme de la loi&#8221;<\/span><\/a><\/p>\n","protected":false},"author":2,"featured_media":727,"comment_status":"closed","ping_status":"","sticky":false,"template":"","format":"standard","meta":{"_exactmetrics_skip_tracking":false,"_exactmetrics_sitenote_active":false,"_exactmetrics_sitenote_note":"","_exactmetrics_sitenote_category":0,"footnotes":""},"categories":[5],"tags":[],"class_list":["post-1153","post","type-post","status-publish","format-standard","has-post-thumbnail","hentry","category-communiques"],"_links":{"self":[{"href":"https:\/\/survivant-e-s.lu\/en\/wp-json\/wp\/v2\/posts\/1153","targetHints":{"allow":["GET"]}}],"collection":[{"href":"https:\/\/survivant-e-s.lu\/en\/wp-json\/wp\/v2\/posts"}],"about":[{"href":"https:\/\/survivant-e-s.lu\/en\/wp-json\/wp\/v2\/types\/post"}],"author":[{"embeddable":true,"href":"https:\/\/survivant-e-s.lu\/en\/wp-json\/wp\/v2\/users\/2"}],"replies":[{"embeddable":true,"href":"https:\/\/survivant-e-s.lu\/en\/wp-json\/wp\/v2\/comments?post=1153"}],"version-history":[{"count":5,"href":"https:\/\/survivant-e-s.lu\/en\/wp-json\/wp\/v2\/posts\/1153\/revisions"}],"predecessor-version":[{"id":1170,"href":"https:\/\/survivant-e-s.lu\/en\/wp-json\/wp\/v2\/posts\/1153\/revisions\/1170"}],"wp:featuredmedia":[{"embeddable":true,"href":"https:\/\/survivant-e-s.lu\/en\/wp-json\/wp\/v2\/media\/727"}],"wp:attachment":[{"href":"https:\/\/survivant-e-s.lu\/en\/wp-json\/wp\/v2\/media?parent=1153"}],"wp:term":[{"taxonomy":"category","embeddable":true,"href":"https:\/\/survivant-e-s.lu\/en\/wp-json\/wp\/v2\/categories?post=1153"},{"taxonomy":"post_tag","embeddable":true,"href":"https:\/\/survivant-e-s.lu\/en\/wp-json\/wp\/v2\/tags?post=1153"}],"curies":[{"name":"wp","href":"https:\/\/api.w.org\/{rel}","templated":true}]}}